{"id":348,"count":0,"description":"<!-- SANTA LUCIA | TITLE: Case Vacanze Santa Lucia \u2014 Costa Est | AffittaSardegna | META: Cerchi dove dormire a Santa Lucia di Siniscola? Spiaggia selvaggia, ginepri sul mare e laguna. Costa Est autentica. Affitto diretto -15% vs Airbnb. Dal 2011. -->\r\n<div style=\"max-width:860px;margin:0 auto;padding:2.5rem 1.5rem 1.5rem;\">\r\n  <div style=\"font-size:0.68rem;font-weight:600;letter-spacing:0.12em;text-transform:uppercase;color:#C9A84C;margin-bottom:0.4rem;\">Nord Sardegna \u2014 Costa Est<\/div>\r\n  <h2 style=\"font-family:'Playfair Display',Georgia,serif;font-size:1.9rem;font-weight:400;line-height:1.3;margin-bottom:1rem;color:#1B2A4A;\">Case vacanze e affitti brevi a <em style=\"font-style:italic;\">Saint Lucia<\/em><\/h2>\r\n  <p style=\"font-size:1rem;color:#555;line-height:1.85;margin-bottom:1rem;\">Santa Lucia \u00e8 ancora praticamente sconosciuta al turismo di massa<\/p>\r\n  <p style=\"font-size:0.93rem;color:#777;line-height:1.75;\">Prenota direttamente con AffittaSardegna e risparmia fino al 15% rispetto a Airbnb e Booking.com. Assistenza locale dedicata, team presente sul territorio dal 2011.<\/p>\r\n<\/div>\r\n<div style=\"background:#f8f7f5;border-top:1px solid #e5e3de;border-bottom:1px solid #e5e3de;\">\r\n  <div style=\"max-width:860px;margin:0 auto;padding:1.5rem;\">\r\n    <div style=\"display:flex;flex-wrap:wrap;gap:1.5rem;font-size:0.88rem;color:#555;\">\r\n      <div><strong style=\"color:#1B2A4A;display:block;margin-bottom:0.2rem;\">\ud83d\udccd Zona<\/strong>Nord Sardegna \u2014 Costa Est<\/div>\r\n      <div><strong style=\"color:#1B2A4A;display:block;margin-bottom:0.2rem;\">\u2708\ufe0f Aeroporto<\/strong>Olbia (75 km)<\/div>\r\n      <div><strong style=\"color:#1B2A4A;display:block;margin-bottom:0.2rem;\">\u26f4\ufe0f Porto<\/strong>Olbia (75 km)<\/div>\r\n      <div><strong style=\"color:#1B2A4A;display:block;margin-bottom:0.2rem;\">\ud83c\udfd6\ufe0f Spiagge<\/strong>Spiaggia di Santa Lucia \u00b7 Laguna di Santa Lucia \u00b7 Foce del Rio Posada<\/div>\r\n    <\/div>\r\n  <\/div>\r\n<\/div>\r\n<div style=\"max-width:860px;margin:0 auto;padding:2rem 1.5rem 0;\">\r\n  <div style=\"border-left:4px solid #C9A84C;background:#fdfaf4;border-radius:0 8px 8px 0;padding:1.2rem 1.5rem;\">\r\n    <div style=\"font-size:0.68rem;font-weight:700;letter-spacing:0.12em;text-transform:uppercase;color:#C9A84C;margin-bottom:0.5rem;\">I ginepri millenari a bordo mare \u2014 la Costa Est autentica<\/div>\r\n    <p style=\"font-family:'Playfair Display',Georgia,serif;font-size:0.97rem;color:#1b2a4a;line-height:1.8;margin:0;font-style:italic;\">\"A Santa Lucia i ginepri millenari crescono fino alla riva \u2014 radici nelle rocce, chiome piegate dal vento del mare. La spiaggia \u00e8 lunga, poco frequentata, con una laguna dove si vedono fenicotteri e aironi. \u00c8 la Costa Est che quasi nessuno conosce ancora. Arrivaci prima che cambi.\"<\/p>\r\n    <p style=\"font-size:0.8rem;color:#999;margin:0.6rem 0 0;\">\u2014 AffittaSardegna, presenti a Santa Lucia dal 2011<\/p>\r\n  <\/div>\r\n<\/div>\r\n<div style=\"background:#1B2A4A;color:#fff;margin-top:2rem;\">\r\n  <div style=\"max-width:860px;margin:0 auto;padding:2.5rem 1.5rem;\">\r\n    <div style=\"font-size:0.68rem;font-weight:600;letter-spacing:0.12em;text-transform:uppercase;color:#C9A84C;margin-bottom:0.4rem;\">Vad du ska g\u00f6ra<\/div>\r\n    <h2 style=\"font-family:'Playfair Display',Georgia,serif;font-size:1.6rem;font-weight:400;margin-bottom:1.5rem;color:#fff;\">Esperienze a <em style=\"font-style:italic;color:#C9A84C;\">Saint Lucia<\/em><\/h2>\r\n    <ul style=\"list-style:none;padding:0;margin:0;columns:2;column-gap:2rem;\"><li style=\"padding:0.4rem 0;border-bottom:1px solid rgba(255,255,255,0.08);font-size:0.93rem;\">Spiaggia lunga di Santa Lucia<\/li><li style=\"padding:0.4rem 0;border-bottom:1px solid rgba(255,255,255,0.08);font-size:0.93rem;\">Laguna costiera<\/li><li style=\"padding:0.4rem 0;border-bottom:1px solid rgba(255,255,255,0.08);font-size:0.93rem;\">Birdwatching (aironi e fenicotteri)<\/li><li style=\"padding:0.4rem 0;border-bottom:1px solid rgba(255,255,255,0.08);font-size:0.93rem;\">Kayak nella laguna<\/li><li style=\"padding:0.4rem 0;border-bottom:1px solid rgba(255,255,255,0.08);font-size:0.93rem;\">Capo Comino vicino<\/li><li style=\"padding:0.4rem 0;border-bottom:1px solid rgba(255,255,255,0.08);font-size:0.93rem;\">Escursioni nell'entroterra<\/li><\/ul>\r\n  <\/div>\r\n<\/div>\r\n<div style=\"max-width:860px;margin:0 auto;padding:2.5rem 1.5rem;\">\r\n  <div style=\"font-size:0.68rem;font-weight:600;letter-spacing:0.12em;text-transform:uppercase;color:#C9A84C;margin-bottom:0.4rem;\">Vanliga fr\u00e5gor och svar<\/div>\r\n  <h2 style=\"font-family:'Playfair Display',Georgia,serif;font-size:1.6rem;font-weight:400;margin-bottom:1.5rem;color:#1B2A4A;\">Santa Lucia \u2014 <em style=\"font-style:italic;\">tutto quello che devi sapere<\/em><\/h2>\r\n  <div style=\"border-bottom:1px solid #e5e3de;padding:1.2rem 0;\"><h3 style=\"font-family:'Playfair Display',Georgia,serif;font-size:1.05rem;font-weight:400;color:#1B2A4A;margin-bottom:0.6rem;\">Santa Lucia \u00e8 una destinazione tranquilla?<\/h3><p style=\"font-size:0.93rem;color:#666;line-height:1.75;margin:0;\">S\u00ec, \u00e8 una delle spiagge pi\u00f9 silenziose della Costa Est. Quasi nessun turista di massa la conosce.<\/p><\/div><div style=\"border-bottom:1px solid #e5e3de;padding:1.2rem 0;\"><h3 style=\"font-family:'Playfair Display',Georgia,serif;font-size:1.05rem;font-weight:400;color:#1B2A4A;margin-bottom:0.6rem;\">Cosa c'\u00e8 di speciale a Santa Lucia?<\/h3><p style=\"font-size:0.93rem;color:#666;line-height:1.75;margin:0;\">La spiaggia con i ginepri millenari a bordo mare e la laguna con fenicotteri \u2014 una combinazione rara.<\/p><\/div><div style=\"border-bottom:1px solid #e5e3de;padding:1.2rem 0;\"><h3 style=\"font-family:'Playfair Display',Georgia,serif;font-size:1.05rem;font-weight:400;color:#1B2A4A;margin-bottom:0.6rem;\">Come si arriva a Santa Lucia?<\/h3><p style=\"font-size:0.93rem;color:#666;line-height:1.75;margin:0;\">Da Olbia in 75 km, da Nuoro in 45 km. Solo in auto.<\/p><\/div><div style=\"border-bottom:1px solid #e5e3de;padding:1.2rem 0;\"><h3 style=\"font-family:'Playfair Display',Georgia,serif;font-size:1.05rem;font-weight:400;color:#1B2A4A;margin-bottom:0.6rem;\">Santa Lucia \u00e8 adatta alle famiglie?<\/h3><p style=\"font-size:0.93rem;color:#666;line-height:1.75;margin:0;\">S\u00ec, spiaggia sicura con acque basse e natura incontaminata.<\/p><\/div>\r\n<\/div>\r\n<div style=\"max-width:860px;margin:0 auto;padding:0 1.5rem 2.5rem;\">\r\n  <div style=\"background:#f8f6f1;border-left:4px solid #C9A84C;border-radius:0 8px 8px 0;padding:20px 24px;margin-bottom:14px;\">\r\n    <div style=\"display:flex;align-items:flex-start;gap:16px;\">\r\n      <div style=\"font-size:26px;line-height:1;flex-shrink:0;margin-top:2px;\">\ud83c\udf3e<\/div>\r\n      <div style=\"flex:1;\">\r\n        <div style=\"font-size:11px;font-weight:700;letter-spacing:0.1em;text-transform:uppercase;color:#C9A84C;margin-bottom:4px;\">A Santa Lucia<\/div>\r\n        <div style=\"font-size:17px;font-weight:700;color:#1b2a4a;margin-bottom:6px;\">Esperienze &amp; Attivit\u00e0<\/div>\r\n        <div style=\"font-size:14px;color:#555;line-height:1.7;margin-bottom:14px;\">Kayak nella laguna tra fenicotteri e aironi, passeggiate tra i ginepri millenari, snorkeling sulle rocce e escursioni a Capo Comino a 10 km.<\/div>\r\n        <a href=\"https:\/\/affittasardegna.it\/sv\/upplevelser-norra-sardinien\/\" style=\"display:inline-block !important;background:#1b2a4a;color:#fff;font-size:13px;font-weight:600;padding:9px 20px;border-radius:6px;text-decoration:none;white-space:nowrap;\">Scopri le esperienze \u2192<\/a>\r\n      <\/div>\r\n    <\/div>\r\n  <\/div>\r\n  <div style=\"background:#f8f6f1;border-left:4px solid #C9A84C;border-radius:0 8px 8px 0;padding:20px 24px;margin-bottom:14px;\">\r\n    <div style=\"display:flex;align-items:flex-start;gap:16px;\">\r\n      <div style=\"font-size:26px;line-height:1;flex-shrink:0;margin-top:2px;\">\ud83d\ude97<\/div>\r\n      <div style=\"flex:1;\">\r\n        <div style=\"font-size:11px;font-weight:700;letter-spacing:0.1em;text-transform:uppercase;color:#C9A84C;margin-bottom:4px;\">Muoviti libero<\/div>\r\n        <div style=\"font-size:17px;font-weight:700;color:#1b2a4a;margin-bottom:6px;\">Noleggio Auto in Sardegna<\/div>\r\n        <div style=\"font-size:14px;color:#555;line-height:1.7;margin-bottom:14px;\">Da Santa Lucia raggiungi Siniscola in 20 km e Olbia in 75 km. L'auto \u00e8 indispensabile.<\/div>\r\n        <div style=\"line-height:2.8;\"><a href=\"https:\/\/www.discovercars.com\/it\/italy-sardinia?a_aid=AFFITTASARDEGNA\" target=\"_blank\" rel=\"nofollow noopener\" style=\"display:inline-block !important;background:#1b2a4a;color:#fff;font-size:13px;font-weight:600;padding:9px 20px;border-radius:6px;text-decoration:none;margin-right:8px;white-space:nowrap;\">Confronta prezzi \u2192<\/a><a href=\"https:\/\/affittasardegna.it\/sv\/noleggio-auto-in-sardegna-2026-prezzi-consigli-e-come-risparmiare-davvero\/\" style=\"display:inline-block !important;background:transparent;color:#1b2a4a;font-size:13px;font-weight:600;padding:9px 20px;border-radius:6px;text-decoration:none;border:1.5px solid #1b2a4a;white-space:nowrap;\">Guida al noleggio \u2192<\/a><\/div>\r\n      <\/div>\r\n    <\/div>\r\n  <\/div>\r\n  <div style=\"background:#f8f6f1;border-left:4px solid #C9A84C;border-radius:0 8px 8px 0;padding:20px 24px;margin-bottom:14px;\">\r\n    <div style=\"display:flex;align-items:flex-start;gap:16px;\">\r\n      <div style=\"font-size:26px;line-height:1;flex-shrink:0;margin-top:2px;\">\u26f4\ufe0f<\/div>\r\n      <div style=\"flex:1;\">\r\n        <div style=\"font-size:11px;font-weight:700;letter-spacing:0.1em;text-transform:uppercase;color:#C9A84C;margin-bottom:4px;\">Arriva in Sardegna<\/div>\r\n        <div style=\"font-size:17px;font-weight:700;color:#1b2a4a;margin-bottom:6px;\">Prenota il Traghetto<\/div>\r\n        <div style=\"font-size:14px;color:#555;line-height:1.7;margin-bottom:14px;\">Il porto di Olbia \u00e8 a 75 km \u2014 collegato da Genova, Livorno e Civitavecchia.<\/div>\r\n        <div style=\"line-height:2.8;\"><a href=\"https:\/\/affittasardegna.it\/sv\/boka-farja-till-sardinien\/\" style=\"display:inline-block !important;background:#1b2a4a;color:#fff;font-size:13px;font-weight:600;padding:9px 20px;border-radius:6px;text-decoration:none;margin-right:8px;white-space:nowrap;\">Prenota il traghetto \u2192<\/a><a href=\"https:\/\/affittasardegna.it\/sv\/traghetti-per-la-sardegna-2026-rotte-compagnie-e-prezzi-aggiornati\/\" style=\"display:inline-block !important;background:transparent;color:#1b2a4a;font-size:13px;font-weight:600;padding:9px 20px;border-radius:6px;text-decoration:none;border:1.5px solid #1b2a4a;white-space:nowrap;\">Rotte e prezzi 2026 \u2192<\/a><\/div>\r\n      <\/div>\r\n    <\/div>\r\n  <\/div>\r\n  <div style=\"background:#1b2a4a;border-radius:8px;padding:24px;\">\r\n    <div style=\"font-size:11px;font-weight:700;letter-spacing:0.1em;text-transform:uppercase;color:#C9A84C;margin-bottom:16px;\">\ud83d\udcd6 Approfondisci Santa Lucia<\/div>\r\n    <div style=\"display:flex;flex-direction:column;gap:8px;\"><a href=\"https:\/\/affittasardegna.it\/sv\/spiagge-poco-affollate-nord-sardegna-alghero-stintino\/\" style=\"display:flex;align-items:center;gap:12px;text-decoration:none;background:rgba(255,255,255,0.07);border-radius:6px;padding:12px 14px;\"><span style=\"font-size:18px;flex-shrink:0;\">\ud83c\udfd6\ufe0f<\/span><span style=\"font-size:14px;color:#fff;font-weight:500;line-height:1.4;\">5 Spiagge Poco Affollate nel Nord Sardegna<\/span><\/a><a href=\"https:\/\/affittasardegna.it\/sv\/hemliga-sardinien\/\" style=\"display:flex;align-items:center;gap:12px;text-decoration:none;background:rgba(255,255,255,0.07);border-radius:6px;padding:12px 14px;\"><span style=\"font-size:18px;flex-shrink:0;\">\ud83d\udd0d<\/span><span style=\"font-size:14px;color:#fff;font-weight:500;line-height:1.4;\">Sardegna Segreta: La Guida che Google Non Ti D\u00e0<\/span><\/a><a href=\"https:\/\/affittasardegna.it\/sv\/sardinien-med-barn-toppstrander-vad-man-ska-gora-efter-alder-och-praktiska-rad-guide-2026\/\" style=\"display:flex;align-items:center;gap:12px;text-decoration:none;background:rgba(255,255,255,0.07);border-radius:6px;padding:12px 14px;\"><span style=\"font-size:18px;flex-shrink:0;\">\ud83d\udc68\u200d\ud83d\udc69\u200d\ud83d\udc67<\/span><span style=\"font-size:14px;color:#fff;font-weight:500;line-height:1.4;\">Sardegna con Bambini: Spiagge Top 2026<\/span><\/a><a href=\"https:\/\/affittasardegna.it\/sv\/noleggio-auto-in-sardegna-2026-prezzi-consigli-e-come-risparmiare-davvero\/\" style=\"display:flex;align-items:center;gap:12px;text-decoration:none;background:rgba(255,255,255,0.07);border-radius:6px;padding:12px 14px;\"><span style=\"font-size:18px;flex-shrink:0;\">\ud83d\ude97<\/span><span style=\"font-size:14px;color:#fff;font-weight:500;line-height:1.4;\">Noleggio Auto in Sardegna 2026<\/span><\/a><a href=\"https:\/\/affittasardegna.it\/sv\/vad-man-kan-gora-pa-norra-sardinien-utover-stranden\/\" style=\"display:flex;align-items:center;gap:12px;text-decoration:none;background:rgba(255,255,255,0.07);border-radius:6px;padding:12px 14px;\"><span style=\"font-size:18px;flex-shrink:0;\">\ud83c\udf3f<\/span><span style=\"font-size:14px;color:#fff;font-weight:500;line-height:1.4;\">Cosa Fare nel Nord Sardegna Oltre la Spiaggia<\/span><\/a><a href=\"https:\/\/affittasardegna.it\/sv\/osservare-le-stelle-sardegna-cieli-bui-nord-ovest-asinara\/\" style=\"display:flex;align-items:center;gap:12px;text-decoration:none;background:rgba(255,255,255,0.07);border-radius:6px;padding:12px 14px;\"><span style=\"font-size:18px;flex-shrink:0;\">\ud83c\udf0c<\/span><span style=\"font-size:14px;color:#fff;font-weight:500;line-height:1.4;\">Osservare le Stelle in Sardegna: Cieli Bui del Nord-Ovest<\/span><\/a><\/div>\r\n  <\/div>\r\n<\/div>\r\n<div style=\"background:linear-gradient(135deg,#1B2A4A 0%,#111D35 100%);color:#fff;\">\r\n  <div style=\"max-width:860px;margin:0 auto;padding:2.5rem 1.5rem;\">\r\n    <div style=\"font-size:0.68rem;font-weight:600;letter-spacing:0.12em;text-transform:uppercase;color:#C9A84C;margin-bottom:0.4rem;\">Proprietari<\/div>\r\n    <h2 style=\"font-family:'Playfair Display',Georgia,serif;font-size:1.6rem;font-weight:400;margin-bottom:1rem;color:#fff;\">Hai un immobile a <em style=\"font-style:italic;color:#C9A84C;\">Saint Lucia<\/em>?<\/h2>\r\n    <p style=\"font-size:0.97rem;color:rgba(255,255,255,0.8);line-height:1.8;margin-bottom:1.5rem;\">Santa Lucia \u00e8 ancora praticamente sconosciuta al turismo di massa \u2014 enorme opportunit\u00e0 per chi ha immobili. Domanda in crescita da chi cerca autenticit\u00e0. Gestiamo affitti brevi a Santa Lucia \u2014 nessun canone fisso, paghi solo a risultato.<\/p>\r\n    <div style=\"margin-bottom:1.5rem;\">\r\n      <div style=\"display:inline-block;vertical-align:top;min-width:160px;background:rgba(255,255,255,0.06);border:1px solid rgba(255,255,255,0.12);border-radius:6px;padding:1rem;margin-right:8px;margin-bottom:8px;\"><strong style=\"color:#C9A84C;display:block;margin-bottom:0.3rem;font-size:0.9rem;\">\u2713 Nessun canone fisso<\/strong><span style=\"font-size:0.82rem;color:rgba(255,255,255,0.6);\">Du betalar bara efter resultat<\/span><\/div><div style=\"display:inline-block;vertical-align:top;min-width:160px;background:rgba(255,255,255,0.06);border:1px solid rgba(255,255,255,0.12);border-radius:6px;padding:1rem;margin-right:8px;margin-bottom:8px;\"><strong style=\"color:#C9A84C;display:block;margin-bottom:0.3rem;font-size:0.9rem;\">\u2713 Gestione completa<\/strong><span style=\"font-size:0.82rem;color:rgba(255,255,255,0.6);\">Check-in, pulizie, ospiti 7\/7<\/span><\/div><div style=\"display:inline-block;vertical-align:top;min-width:160px;background:rgba(255,255,255,0.06);border:1px solid rgba(255,255,255,0.12);border-radius:6px;padding:1rem;margin-bottom:8px;\"><strong style=\"color:#C9A84C;display:block;margin-bottom:0.3rem;font-size:0.9rem;\">\u2713 Dal 2011<\/strong><span style=\"font-size:0.82rem;color:rgba(255,255,255,0.6);\">300+ propriet\u00e0 gestite<\/span><\/div>\r\n    <\/div>\r\n    <a href=\"https:\/\/affittasardegna.it\/sv\/foresla-fastighet\/\" style=\"display:inline-block !important;background:#fdc709;color:#1B2A4A;font-weight:700;font-size:0.95rem;padding:0.85rem 2rem;border-radius:6px;text-decoration:none;white-space:nowrap;\">Gestisci il tuo immobile con noi \u2192<\/a>\r\n  <\/div>\r\n<\/div>\r\n<div style=\"background:#fff;border-top:1px solid #e5e3de;border-bottom:1px solid #e5e3de;\">\r\n  <div style=\"max-width:860px;margin:0 auto;padding:2rem 1.5rem;\">\r\n    <div style=\"font-size:0.68rem;font-weight:600;letter-spacing:0.12em;text-transform:uppercase;color:#C9A84C;margin-bottom:0.4rem;\">Esplora la zona<\/div>\r\n    <h3 style=\"font-family:'Playfair Display',Georgia,serif;font-size:1.3rem;font-weight:400;color:#1B2A4A;margin-bottom:1.2rem;\">Vicino a Santa Lucia<\/h3>\r\n    <div style=\"line-height:2.5;\"><a href=\"https:\/\/affittasardegna.it\/sv\/plats\/cape-comino\/\" style=\"display:inline-block !important;background:#f8f7f5;border:1px solid #e5e3de;border-radius:6px;padding:0.7rem 1rem;text-decoration:none;color:#1B2A4A;font-size:0.9rem;font-weight:500;margin-right:8px;margin-bottom:8px;white-space:nowrap;\">Kap Comino <span style=\"color:#C9A84C;font-size:0.8rem;font-weight:400;\">10 km<\/span><\/a><a href=\"https:\/\/affittasardegna.it\/sv\/plats\/siniscola\/\" style=\"display:inline-block !important;background:#f8f7f5;border:1px solid #e5e3de;border-radius:6px;padding:0.7rem 1rem;text-decoration:none;color:#1B2A4A;font-size:0.9rem;font-weight:500;margin-right:8px;margin-bottom:8px;white-space:nowrap;\">Siniscola <span style=\"color:#C9A84C;font-size:0.8rem;font-weight:400;\">20 km<\/span><\/a><a href=\"https:\/\/affittasardegna.it\/sv\/plats\/posada\/\" style=\"display:inline-block !important;background:#f8f7f5;border:1px solid #e5e3de;border-radius:6px;padding:0.7rem 1rem;text-decoration:none;color:#1B2A4A;font-size:0.9rem;font-weight:500;margin-right:8px;margin-bottom:8px;white-space:nowrap;\">Posada <span style=\"color:#C9A84C;font-size:0.8rem;font-weight:400;\">15 km<\/span><\/a><\/div>\r\n  <\/div>\r\n<\/div>\r\n<div style=\"background:#f8f7f5;border-top:1px solid #e5e3de;\">\r\n  <div style=\"max-width:860px;margin:0 auto;padding:1.5rem;\">\r\n    <p style=\"font-size:0.78rem;color:#999;margin:0;line-height:1.7;\"><strong style=\"color:#1B2A4A;\">Saint Lucia<\/strong> \u00b7 Nord Sardegna \u2014 Costa Est \u00b7 Coordinate: 40.5000\u00b0N, 9.7833\u00b0E \u00b7 Aeroporto: Olbia (75 km) \u00b7 Porto: Olbia (75 km) \u00b7 AffittaSardegna gestisce case vacanze e affitti brevi a Santa Lucia dal 2011. Keywords: case vacanze santa lucia siniscola sardegna, affitto santa lucia sardegna, santa lucia sardegna vacanze, appartamenti santa lucia costa est.<\/p>\r\n  <\/div>\r\n<\/div>","link":"https:\/\/affittasardegna.it\/sv\/localita\/santa-lucia\/","name":"Saint Lucia","slug":"santa-lucia","taxonomy":"posizioni","parent":0,"meta":[],"_links":{"self":[{"href":"https:\/\/affittasardegna.it\/sv\/wp-json\/wp\/v2\/posizioni\/348","targetHints":{"allow":["GET"]}}],"collection":[{"href":"https:\/\/affittasardegna.it\/sv\/wp-json\/wp\/v2\/posizioni"}],"about":[{"href":"https:\/\/affittasardegna.it\/sv\/wp-json\/wp\/v2\/taxonomies\/posizioni"}],"wp:post_type":[{"href":"https:\/\/affittasardegna.it\/sv\/wp-json\/wp\/v2\/alloggi?posizioni=348"}],"curies":[{"name":"wp","href":"https:\/\/api.w.org\/{rel}","templated":true}]}}